{"id":186,"date":"2016-11-09T23:03:57","date_gmt":"2016-11-09T23:03:57","guid":{"rendered":"http:\/\/www.gabinete118.com\/wordpress\/?p=186"},"modified":"2017-03-14T23:06:55","modified_gmt":"2017-03-14T23:06:55","slug":"empreitada-de-construcao-da-eb23s-das-lajes-do-pico","status":"publish","type":"post","link":"https:\/\/www.gabinete118.com\/?p=186","title":{"rendered":"Empreitada de Constru\u00e7\u00e3o da EB2,3\/S das Lajes do Pico &#8211; Ilha do Pico"},"content":{"rendered":"<p><strong>Dono de Obra<\/strong>: Secretaria Regional da Educa\u00e7\u00e3o, Ci\u00eancia e Cultura \u2013 Direc\u00e7\u00e3o Regional da Educa\u00e7\u00e3o<br \/>\n<strong>Valor da Obra<\/strong>: 14.022.384,62 \u20ac<br \/>\n<strong>Prazo<\/strong>: 28 meses<br \/>\n<strong>Conclus\u00e3o<\/strong>: Agosto de 2016<br \/>\n<strong>Refer\u00eancia<\/strong>: 03-OB\/14<\/p>\n","protected":false},"excerpt":{"rendered":"<p>Dono de Obra: Secretaria Regional da Educa\u00e7\u00e3o, Ci\u00eancia e Cultura \u2013 Direc\u00e7\u00e3o Regional da Educa\u00e7\u00e3o Valor da Obra: 14.022.384,62 \u20ac Prazo: 28 meses Conclus\u00e3o: Agosto de 2016 Refer\u00eancia: 03-OB\/14<\/p>\n","protected":false},"author":1,"featured_media":361,"comment_status":"closed","ping_status":"closed","sticky":false,"template":"","format":"standard","meta":[],"categories":[13,12],"tags":[],"_links":{"self":[{"href":"https:\/\/www.gabinete118.com\/index.php?rest_route=\/wp\/v2\/posts\/186"}],"collection":[{"href":"https:\/\/www.gabinete118.com\/index.php?rest_route=\/wp\/v2\/posts"}],"about":[{"href":"https:\/\/www.gabinete118.com\/index.php?rest_route=\/wp\/v2\/types\/post"}],"author":[{"embeddable":true,"href":"https:\/\/www.gabinete118.com\/index.php?rest_route=\/wp\/v2\/users\/1"}],"replies":[{"embeddable":true,"href":"https:\/\/www.gabinete118.com\/index.php?rest_route=%2Fwp%2Fv2%2Fcomments&post=186"}],"version-history":[{"count":9,"href":"https:\/\/www.gabinete118.com\/index.php?rest_route=\/wp\/v2\/posts\/186\/revisions"}],"predecessor-version":[{"id":271,"href":"https:\/\/www.gabinete118.com\/index.php?rest_route=\/wp\/v2\/posts\/186\/revisions\/271"}],"wp:featuredmedia":[{"embeddable":true,"href":"https:\/\/www.gabinete118.com\/index.php?rest_route=\/wp\/v2\/media\/361"}],"wp:attachment":[{"href":"https:\/\/www.gabinete118.com\/index.php?rest_route=%2Fwp%2Fv2%2Fmedia&parent=186"}],"wp:term":[{"taxonomy":"category","embeddable":true,"href":"https:\/\/www.gabinete118.com\/index.php?rest_route=%2Fwp%2Fv2%2Fcategories&post=186"},{"taxonomy":"post_tag","embeddable":true,"href":"https:\/\/www.gabinete118.com\/index.php?rest_route=%2Fwp%2Fv2%2Ftags&post=186"}],"curies":[{"name":"wp","href":"https:\/\/api.w.org\/{rel}","templated":true}]}}