{"id":284,"date":"2017-02-27T14:47:45","date_gmt":"2017-02-27T14:47:45","guid":{"rendered":"http:\/\/www.gabinete118.com\/?p=284"},"modified":"2020-09-16T10:44:00","modified_gmt":"2020-09-16T10:44:00","slug":"empreitada-de-estabilizacao-da-orla-costeira-do-porto-do-salao-ilha-do-faial","status":"publish","type":"post","link":"https:\/\/www.gabinete118.com\/?p=284","title":{"rendered":"Empreitada de Estabiliza\u00e7\u00e3o da Orla Costeira do Porto do Sal\u00e3o, Ilha do Faial"},"content":{"rendered":"<p><strong>Dono de Obra<\/strong>: Secretaria Regional do Mar Ci\u00eancia e Tecnologia \u2013 Dire\u00e7\u00e3o Regional dos Assuntos do Mar<br \/>\n<strong>Valor da Obra<\/strong>: 133.900,00 \u20ac<br \/>\n<strong>Prazo<\/strong>: 6 meses<br \/>\n<strong>Conclus\u00e3o<\/strong>: Janeiro de 2017<br \/>\n<strong>Refer\u00eancia<\/strong>: 14-OB\/16<\/p>\n","protected":false},"excerpt":{"rendered":"<p>Dono de Obra: Secretaria Regional do Mar Ci\u00eancia e Tecnologia \u2013 Dire\u00e7\u00e3o Regional dos Assuntos do Mar Valor da Obra: 133.900,00 \u20ac Prazo: 6 meses Conclus\u00e3o: Janeiro de 2017 Refer\u00eancia: 14-OB\/16<\/p>\n","protected":false},"author":1,"featured_media":515,"comment_status":"closed","ping_status":"closed","sticky":false,"template":"","format":"standard","meta":[],"categories":[12,15],"tags":[],"_links":{"self":[{"href":"https:\/\/www.gabinete118.com\/index.php?rest_route=\/wp\/v2\/posts\/284"}],"collection":[{"href":"https:\/\/www.gabinete118.com\/index.php?rest_route=\/wp\/v2\/posts"}],"about":[{"href":"https:\/\/www.gabinete118.com\/index.php?rest_route=\/wp\/v2\/types\/post"}],"author":[{"embeddable":true,"href":"https:\/\/www.gabinete118.com\/index.php?rest_route=\/wp\/v2\/users\/1"}],"replies":[{"embeddable":true,"href":"https:\/\/www.gabinete118.com\/index.php?rest_route=%2Fwp%2Fv2%2Fcomments&post=284"}],"version-history":[{"count":2,"href":"https:\/\/www.gabinete118.com\/index.php?rest_route=\/wp\/v2\/posts\/284\/revisions"}],"predecessor-version":[{"id":452,"href":"https:\/\/www.gabinete118.com\/index.php?rest_route=\/wp\/v2\/posts\/284\/revisions\/452"}],"wp:featuredmedia":[{"embeddable":true,"href":"https:\/\/www.gabinete118.com\/index.php?rest_route=\/wp\/v2\/media\/515"}],"wp:attachment":[{"href":"https:\/\/www.gabinete118.com\/index.php?rest_route=%2Fwp%2Fv2%2Fmedia&parent=284"}],"wp:term":[{"taxonomy":"category","embeddable":true,"href":"https:\/\/www.gabinete118.com\/index.php?rest_route=%2Fwp%2Fv2%2Fcategories&post=284"},{"taxonomy":"post_tag","embeddable":true,"href":"https:\/\/www.gabinete118.com\/index.php?rest_route=%2Fwp%2Fv2%2Ftags&post=284"}],"curies":[{"name":"wp","href":"https:\/\/api.w.org\/{rel}","templated":true}]}}