{"id":330,"date":"2017-02-27T16:17:06","date_gmt":"2017-02-27T16:17:06","guid":{"rendered":"http:\/\/www.gabinete118.com\/?p=330"},"modified":"2020-09-16T10:43:06","modified_gmt":"2020-09-16T10:43:06","slug":"empreitada-de-execucao-de-ampliacao-e-reestruturacao-do-jardim-botanico-do-faial","status":"publish","type":"post","link":"https:\/\/www.gabinete118.com\/?p=330","title":{"rendered":"Empreitada de Execu\u00e7\u00e3o de Amplia\u00e7\u00e3o e Reestrutura\u00e7\u00e3o do Jardim Bot\u00e2nico do Faial"},"content":{"rendered":"<p><strong>Dono de Obra<\/strong>: Secretaria Regional do Ambiente e do Mar<br \/>\n<strong>Valor da Adjudica\u00e7\u00e3o<\/strong>: 426.385,20 \u20ac<br \/>\n<strong>Prazo<\/strong>: 8 meses<br \/>\n<strong>Conclus\u00e3o<\/strong>: Junho de 2011<br \/>\n<strong>Refer\u00eancia<\/strong>: 38-OB\/10<\/p>\n","protected":false},"excerpt":{"rendered":"<p>Dono de Obra: Secretaria Regional do Ambiente e do Mar Valor da Adjudica\u00e7\u00e3o: 426.385,20 \u20ac Prazo: 8 meses Conclus\u00e3o: Junho de 2011 Refer\u00eancia: 38-OB\/10<\/p>\n","protected":false},"author":1,"featured_media":537,"comment_status":"closed","ping_status":"closed","sticky":false,"template":"","format":"standard","meta":[],"categories":[12,18],"tags":[],"_links":{"self":[{"href":"https:\/\/www.gabinete118.com\/index.php?rest_route=\/wp\/v2\/posts\/330"}],"collection":[{"href":"https:\/\/www.gabinete118.com\/index.php?rest_route=\/wp\/v2\/posts"}],"about":[{"href":"https:\/\/www.gabinete118.com\/index.php?rest_route=\/wp\/v2\/types\/post"}],"author":[{"embeddable":true,"href":"https:\/\/www.gabinete118.com\/index.php?rest_route=\/wp\/v2\/users\/1"}],"replies":[{"embeddable":true,"href":"https:\/\/www.gabinete118.com\/index.php?rest_route=%2Fwp%2Fv2%2Fcomments&post=330"}],"version-history":[{"count":1,"href":"https:\/\/www.gabinete118.com\/index.php?rest_route=\/wp\/v2\/posts\/330\/revisions"}],"predecessor-version":[{"id":331,"href":"https:\/\/www.gabinete118.com\/index.php?rest_route=\/wp\/v2\/posts\/330\/revisions\/331"}],"wp:featuredmedia":[{"embeddable":true,"href":"https:\/\/www.gabinete118.com\/index.php?rest_route=\/wp\/v2\/media\/537"}],"wp:attachment":[{"href":"https:\/\/www.gabinete118.com\/index.php?rest_route=%2Fwp%2Fv2%2Fmedia&parent=330"}],"wp:term":[{"taxonomy":"category","embeddable":true,"href":"https:\/\/www.gabinete118.com\/index.php?rest_route=%2Fwp%2Fv2%2Fcategories&post=330"},{"taxonomy":"post_tag","embeddable":true,"href":"https:\/\/www.gabinete118.com\/index.php?rest_route=%2Fwp%2Fv2%2Ftags&post=330"}],"curies":[{"name":"wp","href":"https:\/\/api.w.org\/{rel}","templated":true}]}}