{"id":340,"date":"2017-02-27T16:24:30","date_gmt":"2017-02-27T16:24:30","guid":{"rendered":"http:\/\/www.gabinete118.com\/?p=340"},"modified":"2020-09-16T10:42:14","modified_gmt":"2020-09-16T10:42:14","slug":"empreitada-de-requalificacao-do-centro-da-vila-da-madalena-2a-fase-ilha-do-pico","status":"publish","type":"post","link":"https:\/\/www.gabinete118.com\/?p=340","title":{"rendered":"Empreitada de Requalifica\u00e7\u00e3o do Centro da Vila da Madalena \u2013 2\u00aa Fase, Ilha do Pico"},"content":{"rendered":"<p><strong>Dono de Obra<\/strong>: Munic\u00edpio da Madalena<br \/>\n<strong>Valor da Adjudica\u00e7\u00e3o<\/strong>: 1.767.000,00\u20ac<br \/>\n<strong>Prazo<\/strong>: 6 meses<br \/>\n<strong>Conclus\u00e3o<\/strong>: Setembro de 2014<br \/>\n<strong>Refer\u00eancia<\/strong>: 09-OB\/13<\/p>\n","protected":false},"excerpt":{"rendered":"<p>Dono de Obra: Munic\u00edpio da Madalena Valor da Adjudica\u00e7\u00e3o: 1.767.000,00\u20ac Prazo: 6 meses Conclus\u00e3o: Setembro de 2014 Refer\u00eancia: 09-OB\/13<\/p>\n","protected":false},"author":1,"featured_media":534,"comment_status":"closed","ping_status":"closed","sticky":false,"template":"","format":"standard","meta":[],"categories":[12,18],"tags":[],"_links":{"self":[{"href":"https:\/\/www.gabinete118.com\/index.php?rest_route=\/wp\/v2\/posts\/340"}],"collection":[{"href":"https:\/\/www.gabinete118.com\/index.php?rest_route=\/wp\/v2\/posts"}],"about":[{"href":"https:\/\/www.gabinete118.com\/index.php?rest_route=\/wp\/v2\/types\/post"}],"author":[{"embeddable":true,"href":"https:\/\/www.gabinete118.com\/index.php?rest_route=\/wp\/v2\/users\/1"}],"replies":[{"embeddable":true,"href":"https:\/\/www.gabinete118.com\/index.php?rest_route=%2Fwp%2Fv2%2Fcomments&post=340"}],"version-history":[{"count":1,"href":"https:\/\/www.gabinete118.com\/index.php?rest_route=\/wp\/v2\/posts\/340\/revisions"}],"predecessor-version":[{"id":342,"href":"https:\/\/www.gabinete118.com\/index.php?rest_route=\/wp\/v2\/posts\/340\/revisions\/342"}],"wp:featuredmedia":[{"embeddable":true,"href":"https:\/\/www.gabinete118.com\/index.php?rest_route=\/wp\/v2\/media\/534"}],"wp:attachment":[{"href":"https:\/\/www.gabinete118.com\/index.php?rest_route=%2Fwp%2Fv2%2Fmedia&parent=340"}],"wp:term":[{"taxonomy":"category","embeddable":true,"href":"https:\/\/www.gabinete118.com\/index.php?rest_route=%2Fwp%2Fv2%2Fcategories&post=340"},{"taxonomy":"post_tag","embeddable":true,"href":"https:\/\/www.gabinete118.com\/index.php?rest_route=%2Fwp%2Fv2%2Ftags&post=340"}],"curies":[{"name":"wp","href":"https:\/\/api.w.org\/{rel}","templated":true}]}}