{"id":344,"date":"2017-02-27T16:28:27","date_gmt":"2017-02-27T16:28:27","guid":{"rendered":"http:\/\/www.gabinete118.com\/?p=344"},"modified":"2020-09-16T10:42:10","modified_gmt":"2020-09-16T10:42:10","slug":"empreitada-de-reperfilamento-do-leito-e-estabilitacao-dos-taludes-marginais-da-ribeira-do-cabo-da-vila-ilha-de-sao-miguel","status":"publish","type":"post","link":"https:\/\/www.gabinete118.com\/?p=344","title":{"rendered":"Empreitada de Reperfilamento do Leito e Estabilita\u00e7\u00e3o dos Taludes Marginais da Ribeira do Cabo da Vila, Ilha de S\u00e3o Miguel"},"content":{"rendered":"<p><strong>Dono de Obra<\/strong>: Direc\u00e7\u00e3o Regional do Ambiente \/ Secretaria Regional dos Recursos Naturais<br \/>\n<strong>Valor da Obra<\/strong>: 286.969,08 \u20ac<br \/>\n<strong>Prazo<\/strong>: 5 meses<br \/>\n<strong>Conclus\u00e3o<\/strong>: Julho de 2014<br \/>\n<strong>Refer\u00eancia<\/strong>: 22-OB\/13<\/p>\n","protected":false},"excerpt":{"rendered":"<p>Dono de Obra: Direc\u00e7\u00e3o Regional do Ambiente \/ Secretaria Regional dos Recursos Naturais Valor da Obra: 286.969,08 \u20ac Prazo: 5 meses Conclus\u00e3o: Julho de 2014 Refer\u00eancia: 22-OB\/13<\/p>\n","protected":false},"author":1,"featured_media":349,"comment_status":"closed","ping_status":"closed","sticky":false,"template":"","format":"standard","meta":[],"categories":[12,18],"tags":[],"_links":{"self":[{"href":"https:\/\/www.gabinete118.com\/index.php?rest_route=\/wp\/v2\/posts\/344"}],"collection":[{"href":"https:\/\/www.gabinete118.com\/index.php?rest_route=\/wp\/v2\/posts"}],"about":[{"href":"https:\/\/www.gabinete118.com\/index.php?rest_route=\/wp\/v2\/types\/post"}],"author":[{"embeddable":true,"href":"https:\/\/www.gabinete118.com\/index.php?rest_route=\/wp\/v2\/users\/1"}],"replies":[{"embeddable":true,"href":"https:\/\/www.gabinete118.com\/index.php?rest_route=%2Fwp%2Fv2%2Fcomments&post=344"}],"version-history":[{"count":1,"href":"https:\/\/www.gabinete118.com\/index.php?rest_route=\/wp\/v2\/posts\/344\/revisions"}],"predecessor-version":[{"id":346,"href":"https:\/\/www.gabinete118.com\/index.php?rest_route=\/wp\/v2\/posts\/344\/revisions\/346"}],"wp:featuredmedia":[{"embeddable":true,"href":"https:\/\/www.gabinete118.com\/index.php?rest_route=\/wp\/v2\/media\/349"}],"wp:attachment":[{"href":"https:\/\/www.gabinete118.com\/index.php?rest_route=%2Fwp%2Fv2%2Fmedia&parent=344"}],"wp:term":[{"taxonomy":"category","embeddable":true,"href":"https:\/\/www.gabinete118.com\/index.php?rest_route=%2Fwp%2Fv2%2Fcategories&post=344"},{"taxonomy":"post_tag","embeddable":true,"href":"https:\/\/www.gabinete118.com\/index.php?rest_route=%2Fwp%2Fv2%2Ftags&post=344"}],"curies":[{"name":"wp","href":"https:\/\/api.w.org\/{rel}","templated":true}]}}